{"id":9742,"date":"2026-07-07T09:03:55","date_gmt":"2026-07-07T13:03:55","guid":{"rendered":"https:\/\/stezen.ca\/?p=9742"},"modified":"2026-07-20T10:01:02","modified_gmt":"2026-07-20T14:01:02","slug":"vos-inquietudes-laide-dune-organisatrice-professionnelle","status":"publish","type":"post","link":"https:\/\/stezen.ca\/en\/vos-inquietudes-laide-dune-organisatrice-professionnelle\/","title":{"rendered":"Your concerns: the help of a professional organizer"},"content":{"rendered":"<p>Hiring a professional organizer is often a decision that comes with a mix of excitement... and a lot of apprehension. I know this because almost every week, I hear the same concerns from new clients. And you know what? They are all perfectly normal.<\/p>\n\n\n\n<p>Before our first day together, several people admit to me that they are nervous. Some tell me they slept poorly the night before. Others confide in me that they almost canceled their appointment several times.<\/p>\n\n\n\n<p>Why? Because you don't just let an organizer into your home. You let them into your daily life, your habits, into rooms you sometimes don't show anyone anymore.<\/p>\n\n\n\n<p>Over the years, I've realized that concerns almost always come back. So today, I felt like addressing them. If you're considering using our services, you might recognize yourself in some of them.<\/p>\n\n\n\n<div style=\"height:50px\" aria-hidden=\"true\" class=\"wp-block-spacer\"><\/div>\n\n\n\n<h2>Why are professional organizers so scary?<\/h2>\n\n\n\n<p>I think it's because we often imagine that we'll be judged on how we live, on our homes, or on the choices we've made over the years. However, that's never what happens.<\/p>\n\n\n\n<p>Hiring a professional organizer means allowing someone into a very personal space. Your home is where you are yourself, where you accumulate your memories, where you experience good times and difficult ones. It's not just a space to organize; it's a part of your story.<\/p>\n\n\n\n<p>So I understand very well why this process can be intimidating. If you're feeling apprehensive, know that you're far from the only one experiencing this. In reality, almost all of my clients arrive with some concerns... and here they are.<\/p>\n\n\n\n<div style=\"height:50px\" aria-hidden=\"true\" class=\"wp-block-spacer\"><\/div>\n\n\n\n<h2>The fear of being judged<\/h2>\n\n\n\n<p>It's probably the concern that comes up most often. I've lost count of how many times a client has apologized before I've even entered their home.<\/p>\n\n\n\n<p>I'm so embarrassed...<\/p>\n\n\n\n<p>Excuse the mess.<\/p>\n\n\n\n<p>It hasn't always been like this.<\/p>\n\n\n\n<p>I hear these sentences almost every week. As if the mess made them a worse person. Yet, I can assure you of one thing: that's never what I think when I arrive at someone's house. I don't see a messy house. I see a person doing their best with the reality they are living.<\/p>\n\n\n\n<p>Because behind the chaos often lies a period of transition. I also talk about this more on my blog at <a rel=\"noreferrer noopener\" href=\"https:\/\/stezen.ca\/en\/comment-lorganisation-facilite-les-periodes-de-transition\/\" target=\"_blank\"><strong>Organization during transition periods<\/strong><\/a>.<\/p>\n\n\n\n<p>My role is not to judge. It is to support you with kindness.<\/p>\n\n\n\n<div style=\"height:50px\" aria-hidden=\"true\" class=\"wp-block-spacer\"><\/div>\n\n\n\n<div class=\"wp-block-media-text alignwide is-stacked-on-mobile is-image-fill has-white-background-color has-background\"><figure class=\"wp-block-media-text__media\" style=\"background-image:url(https:\/\/stezen.ca\/wp-content\/uploads\/2026\/07\/karolina-grabowska-ee2Jf_Pa7H0-unsplash-1.jpg);background-position:50% 50%\"><img decoding=\"async\" src=\"https:\/\/stezen.ca\/wp-content\/uploads\/2026\/07\/karolina-grabowska-ee2Jf_Pa7H0-unsplash-1.jpg\" alt=\"Organisatrice professionnelle transportant un bac de produits d'entretien pour accompagner un projet d'organisation et de d\u00e9sencombrement.\" class=\"wp-image-9756 size-full\"\/><\/figure><div class=\"wp-block-media-text__content\">\n<h2>The shame of hosting someone<\/h2>\n\n\n\n<p>This concern is often linked to the first. Several clients tell me that they no longer receive anyone at home for a long time. Some even avoid unexpected visits from family or friends. Little by little, shame takes over.<\/p>\n\n\n\n<p>We close the door on others... and sometimes, we end up closing the door to the idea of asking for help too.&nbsp;<\/p>\n\n\n\n<p>So, when I arrive at a new client's home, I'm always aware that it's not just a door opening. It's a huge sign of trust. And I never take that trust for granted.<\/p>\n\n\n\n<p>On the contrary, my goal is that, from the very first few minutes, you feel comfortable. That you quickly realize you have nothing to prove and that you can be yourself.<\/p>\n<\/div><\/div>\n\n\n\n<div style=\"height:50px\" aria-hidden=\"true\" class=\"wp-block-spacer\"><\/div>\n\n\n\n<h2>The urge to tidy everything up before our arrival<\/h2>\n\n\n\n<p>I always smile when a client admits they spent the previous evening trying to hide the mess. It's such a human reflex. We want to make a good impression. We want to show we tried.<\/p>\n\n\n\n<p>However, I will always tell you the same thing: don't do it.<\/p>\n\n\n\n<p>I need to see your home as it is on a daily basis. By understanding your habits, challenges, and way of life, I can implement solutions that truly suit you.<\/p>\n\n\n\n<p>I'm not looking for a perfect house. I'm looking for an organization that will still be effective in six months, in a year, and even in several years.<\/p>\n\n\n\n<div style=\"height:50px\" aria-hidden=\"true\" class=\"wp-block-spacer\"><\/div>\n\n\n\n<div class=\"wp-block-media-text alignwide is-stacked-on-mobile is-image-fill has-white-background-color has-background\"><figure class=\"wp-block-media-text__media\" style=\"background-image:url(https:\/\/stezen.ca\/wp-content\/uploads\/2026\/07\/karolina-grabowska-H-HkSBDGP-8-unsplash-1.jpg);background-position:50% 50%\"><img decoding=\"async\" src=\"https:\/\/stezen.ca\/wp-content\/uploads\/2026\/07\/karolina-grabowska-H-HkSBDGP-8-unsplash-1.jpg\" alt=\"Organisatrice professionnelle triant et rangeant des textiles dans un bac afin d'optimiser l'organisation de la maison.\" class=\"wp-image-9754 size-full\"\/><\/figure><div class=\"wp-block-media-text__content\">\n<h2>The fear of having to throw everything away<\/h2>\n\n\n\n<p>I believe that's one of the biggest myths surrounding our profession. Many people imagine that a day of <a href=\"https:\/\/stezen.ca\/en\/stezen-vous-presente-le-desencombrement-101\/\" target=\"_blank\" rel=\"noreferrer noopener\"><strong>decluttering<\/strong><\/a> consists of filling dozens of black bags.<\/p>\n\n\n\n<p>That is not my vision at all.<\/p>\n\n\n\n<p>Every object sometimes tells a story. Some are easy to let go of. Others are much less so. And that's okay. I never decide for you.<\/p>\n\n\n\n<p>My role is simply to guide you, ask the right questions, and help you gain perspective when some decisions are more difficult.<\/p>\n\n\n\n<p>You always keep control.<\/p>\n<\/div><\/div>\n\n\n\n<div style=\"height:50px\" aria-hidden=\"true\" class=\"wp-block-spacer\"><\/div>\n\n\n\n<h2>Emotions that resurface<\/h2>\n\n\n\n<p>We often think we're just organizing cabinets. But sometimes we're also organizing a piece of our life. Certain objects instantly transport us back to a person, a home, an old version of ourselves, or an important period of our journey.<\/p>\n\n\n\n<p>Yes, tears do fall sometimes.<\/p>\n\n\n\n<p>And you know what? I find that beautiful.<\/p>\n\n\n\n<p>Because it means we're doing much more than just moving things around. We're moving forward. I always respect my clients' pace. Some decisions take a few seconds. Others take a few minutes... or even another day.<\/p>\n\n\n\n<p>There is never a right or wrong way to experience this process.<\/p>\n\n\n\n<div style=\"height:50px\" aria-hidden=\"true\" class=\"wp-block-spacer\"><\/div>\n\n\n\n<h2>The impression that \"it's worse at my place than elsewhere\"<\/h2>\n\n\n\n<p>If I got a dollar every time someone said that to me, I could probably pay for a trip! \ud83d\ude05<\/p>\n\n\n\n<p>Almost all new clients are convinced their house is the worst case I've ever seen. The truth? Every house is different. Every story too.<\/p>\n\n\n\n<p>I never compare people to each other. I simply look at where we can start. Because deep down, no matter how big the project is, we always move forward in the same way: one decision at a time, one drawer at a time, one room at a time.<\/p>\n\n\n\n<div style=\"height:50px\" aria-hidden=\"true\" class=\"wp-block-spacer\"><\/div>\n\n\n\n<div class=\"wp-block-media-text alignwide is-stacked-on-mobile is-image-fill has-white-background-color has-background\"><figure class=\"wp-block-media-text__media\" style=\"background-image:url(https:\/\/stezen.ca\/wp-content\/uploads\/2026\/07\/karolina-grabowska-1ocMsin1DeY-unsplash-1-683x1024.jpg);background-position:50% 50%\"><img decoding=\"async\" loading=\"lazy\" width=\"683\" height=\"1024\" src=\"https:\/\/stezen.ca\/wp-content\/uploads\/2026\/07\/karolina-grabowska-1ocMsin1DeY-unsplash-1-683x1024.jpg\" alt=\"Organisatrice professionnelle r\u00e9organisant un espace de vie pour cr\u00e9er un environnement plus fonctionnel et harmonieux.\" class=\"wp-image-9755 size-full\" srcset=\"https:\/\/stezen.ca\/wp-content\/uploads\/2026\/07\/karolina-grabowska-1ocMsin1DeY-unsplash-1-683x1024.jpg 683w, https:\/\/stezen.ca\/wp-content\/uploads\/2026\/07\/karolina-grabowska-1ocMsin1DeY-unsplash-1-200x300.jpg 200w, https:\/\/stezen.ca\/wp-content\/uploads\/2026\/07\/karolina-grabowska-1ocMsin1DeY-unsplash-1-768x1152.jpg 768w, https:\/\/stezen.ca\/wp-content\/uploads\/2026\/07\/karolina-grabowska-1ocMsin1DeY-unsplash-1-1024x1536.jpg 1024w, https:\/\/stezen.ca\/wp-content\/uploads\/2026\/07\/karolina-grabowska-1ocMsin1DeY-unsplash-1-1365x2048.jpg 1365w, https:\/\/stezen.ca\/wp-content\/uploads\/2026\/07\/karolina-grabowska-1ocMsin1DeY-unsplash-1-8x12.jpg 8w, https:\/\/stezen.ca\/wp-content\/uploads\/2026\/07\/karolina-grabowska-1ocMsin1DeY-unsplash-1-scaled.jpg 1707w\" sizes=\"(max-width: 683px) 100vw, 683px\" \/><\/figure><div class=\"wp-block-media-text__content\">\n<h2>Stress that disappears faster than you think<\/h2>\n\n\n\n<p>This is probably my favorite moment. The first few minutes are often filled with nervousness. Then, slowly, I see something change. Shoulders relax. Conversations become more natural. We laugh. We celebrate the first wins.<\/p>\n\n\n\n<p>And above all, I see my clients realize that they no longer have to carry that weight alone.<\/p>\n\n\n\n<p>Very often, before the end of the first day, I hear a phrase that always makes me smile.<\/p>\n\n\n\n<p>In the end, I don't know why I was so stressed.<\/p>\n\n\n\n<p>And each time, I tell myself that it's precisely for that moment that I do this job.<\/p>\n<\/div><\/div>\n\n\n\n<div style=\"height:50px\" aria-hidden=\"true\" class=\"wp-block-spacer\"><\/div>\n\n\n\n<h2>More than a house to organize<\/h2>\n\n\n\n<p>Of course, when our work is done, the spaces are more functional, the objects have found their place, and the house is more pleasant to live in. But that's almost never what my clients talk to me about first.<\/p>\n\n\n\n<p>They are telling me about the calm they feel.<\/p>\n\n\n\n<p>Rediscovering the joy of cooking.<\/p>\n\n\n\n<p>From the desire to finally receive their family.<\/p>\n\n\n\n<p>The feeling of breathing a little better when they returned home.<\/p>\n\n\n\n<p>That's the real result.<\/p>\n\n\n\n<p>Hiring a professional organizer is not just about transforming a home. It's often about giving yourself a fresh start, regaining a sense of lightness, and realizing you didn't have to carry all that weight alone.<\/p>\n\n\n\n<p>So, if you're still hesitant because you're nervous or don't know what to expect, know this one thing: it's perfectly normal.<\/p>\n\n\n\n<p>And if I can make you one promise, it's this: from the first few minutes, my team and I will do everything we can to make you feel heard, respected, and supported. The rest... we'll do it together.<\/p>\n\n\n\n<p>If you're curious to discover what really happens during an organization day, I invite you to read our blog. <a rel=\"noreferrer noopener\" href=\"https:\/\/stezen.ca\/en\/une-journee-dans-la-vie-dune-organisatrice-professionnelle\/\" target=\"_blank\"><strong>A day in the life of an organizer<\/strong><\/a>.<\/p>","protected":false},"excerpt":{"rendered":"<p>Faire appel \u00e0 une organisatrice professionnelle est souvent une d\u00e9cision qui s&rsquo;accompagne d&rsquo;un m\u00e9lange d&rsquo;excitation\u2026 et de beaucoup d&rsquo;appr\u00e9hension. Je le sais parce que, presque chaque semaine, j&rsquo;entends les m\u00eames inqui\u00e9tudes de la part de nouveaux clients. Et vous savez quoi? Elles sont toutes parfaitement normales. Avant notre premi\u00e8re journ\u00e9e ensemble, plusieurs m&rsquo;avouent qu&rsquo;ils sont [&hellip;]<\/p>","protected":false},"author":4,"featured_media":9759,"comment_status":"closed","ping_status":"closed","sticky":false,"template":"","format":"standard","meta":[],"categories":[1],"tags":[193,474,473,469,471,472,89,126,470,85,149],"_links":{"self":[{"href":"https:\/\/stezen.ca\/en\/wp-json\/wp\/v2\/posts\/9742"}],"collection":[{"href":"https:\/\/stezen.ca\/en\/wp-json\/wp\/v2\/posts"}],"about":[{"href":"https:\/\/stezen.ca\/en\/wp-json\/wp\/v2\/types\/post"}],"author":[{"embeddable":true,"href":"https:\/\/stezen.ca\/en\/wp-json\/wp\/v2\/users\/4"}],"replies":[{"embeddable":true,"href":"https:\/\/stezen.ca\/en\/wp-json\/wp\/v2\/comments?post=9742"}],"version-history":[{"count":5,"href":"https:\/\/stezen.ca\/en\/wp-json\/wp\/v2\/posts\/9742\/revisions"}],"predecessor-version":[{"id":9761,"href":"https:\/\/stezen.ca\/en\/wp-json\/wp\/v2\/posts\/9742\/revisions\/9761"}],"wp:featuredmedia":[{"embeddable":true,"href":"https:\/\/stezen.ca\/en\/wp-json\/wp\/v2\/media\/9759"}],"wp:attachment":[{"href":"https:\/\/stezen.ca\/en\/wp-json\/wp\/v2\/media?parent=9742"}],"wp:term":[{"taxonomy":"category","embeddable":true,"href":"https:\/\/stezen.ca\/en\/wp-json\/wp\/v2\/categories?post=9742"},{"taxonomy":"post_tag","embeddable":true,"href":"https:\/\/stezen.ca\/en\/wp-json\/wp\/v2\/tags?post=9742"}],"curies":[{"name":"wp","href":"https:\/\/api.w.org\/{rel}","templated":true}]}}