{"id":9763,"date":"2026-08-11T11:15:09","date_gmt":"2026-08-11T15:15:09","guid":{"rendered":"https:\/\/stezen.ca\/?p=9763"},"modified":"2026-08-19T09:18:36","modified_gmt":"2026-08-19T13:18:36","slug":"lattachement-aux-objets-voir-le-desencombrement-autrement","status":"publish","type":"post","link":"https:\/\/stezen.ca\/en\/lattachement-aux-objets-voir-le-desencombrement-autrement\/","title":{"rendered":"Attachment to objects: viewing decluttering differently"},"content":{"rendered":"<p>A few days ago, I listened to an interview about attachment to objects that made me think deeply.<\/p>\n\n\n\n<p>This discussion brought together clinical psychologist Marc-Andr\u00e9 Dufour and sociologist Val\u00e9rie Sacriste, author of the book<strong> <a href=\"https:\/\/www.leslibraires.ca\/livres\/nos-vies-nos-objets-9782757419274.html?srsltid=AfmBOorgl-Jh9FFnBaADoRpSEwm3UBbQrWb65p4XbbiSTN8yfCR1mMJF\" target=\"_blank\" rel=\"noreferrer noopener\">Our lives, our objects<\/a><\/strong>During their exchange, I caught myself taking notes. The more I listened to their thoughts, the more I thought of the people I support with St\u00e9Zen.<\/p>\n\n\n\n<p>I was thinking about those clients who tell me: \"I know I bought too much of it, but I couldn't pass up that discount, it was really worth it!\". Or even: \"I haven't used it yet, but just in case I might need it in the future?\".&nbsp;<\/p>\n\n\n\n<p>This interview put words to something I have been observing for years: decluttering is almost never a simple matter of organization. It is often a matter of emotions.<\/p>\n\n\n\n<p>So I wanted to share with you the reflections that left the biggest impression on me, the connections I made with my daily life as a professional organizer, and why I believe this discussion can also make you see your belongings differently.<\/p>\n\n\n\n<div style=\"height:25px\" aria-hidden=\"true\" class=\"wp-block-spacer\"><\/div>\n\n\n\n<div class=\"is-layout-flex wp-block-buttons\">\n<div class=\"wp-block-button\"><a class=\"wp-block-button__link wp-element-button\" href=\"https:\/\/ici.radio-canada.ca\/ohdio\/premiere\/emissions\/penelope\/segments\/rattrapage\/2313302\/discussion-pourquoi-on-s-attache-aux-objets\" target=\"_blank\" rel=\"noreferrer noopener\"><strong>Listen to the interview<\/strong><strong> complete by clicking here<\/strong><\/a><\/div>\n<\/div>\n\n\n\n<div style=\"height:50px\" aria-hidden=\"true\" class=\"wp-block-spacer\"><\/div>\n\n\n\n<h2>Attachment to objects: much more than just a matter of memories<\/h2>\n\n\n\n<p>One of the first ideas discussed in the interview is that our objects are often worth much more than their material value.<\/p>\n\n\n\n<p>They tell our story. They represent important people. They embody moments in our lives. Sometimes they become a true extension of ourselves.<\/p>\n\n\n\n<p>This thought immediately resonated with me.<\/p>\n\n\n\n<p>When I help a client declutter, I quickly realize that it is almost never the object that is hard to let go of. It's what it represents.<\/p>\n\n\n\n<p>An old blanket can bring to mind a grandmother. A concert ticket can plunge us back into a happy period of our life. A box filled with children's drawings becomes the tangible testimony of years that have gone by far too quickly.<\/p>\n\n\n\n<p>In his book <em>Our lives, our objects<\/em>, Val\u00e9rie Sacriste explains that objects become the archives of our existence. I find this image particularly accurate. They allow us to tell our story, but also to remember who we are.<\/p>\n\n\n\n<p>Ultimately, decluttering isn't about getting rid of simple objects. Sometimes it's about revisiting a part of one's life.<\/p>\n\n\n\n<div style=\"height:50px\" aria-hidden=\"true\" class=\"wp-block-spacer\"><\/div>\n\n\n\n<h2>Why do objects give us a sense of security?<\/h2>\n\n\n\n<p>Another part of the interview particularly caught my attention.<\/p>\n\n\n\n<p>The speakers explain that objects often play a role in emotional regulation. They reassure us. They make us feel secure. They become reference points, especially when our lives are disrupted.<\/p>\n\n\n\n<p>Upon reflection, this explains why it is often more difficult to <strong><a href=\"https:\/\/stezen.ca\/en\/comment-lorganisation-facilite-les-periodes-de-transition\/\" target=\"_blank\" rel=\"noreferrer noopener\">decluttering one's home after a major period of transition<\/a> <\/strong>like a bereavement, a separation, or a move.<\/p>\n\n\n\n<p>In those moments, objects sometimes become the only elements that seem immutable. They give us the impression of maintaining a connection with our past or with the people who have shaped our lives.<\/p>\n\n\n\n<p>And honestly, I find that deeply human.<\/p>\n\n\n\n<p>We often hear phrases like: \"It's just an object.\" It is not <em>than an object<\/em>It is sometimes a memory, a relationship, a part of our identity.<\/p>\n\n\n\n<div style=\"height:50px\" aria-hidden=\"true\" class=\"wp-block-spacer\"><\/div>\n\n\n\n<h2>The comment that struck me the most<\/h2>\n\n\n\n<p>Around the 6th minute of this interview, the psychologist explains that the tendency to shop compulsively or hoard objects can sometimes address a much deeper need: that of filling an inner void with something external.<\/p>\n\n\n\n<p>He was not saying that everyone who loves to shop or keep objects experiences this reality. Quite the contrary. He reminded us that attachment to objects is normal.<\/p>\n\n\n\n<p>What becomes more concerning is when objects or purchases become our primary way of reassuring ourselves. He then speaks of emotional autonomy: our ability to find a sense of security within ourselves rather than through what we own.<\/p>\n\n\n\n<p>Around the 10th minute, this idea is taken even further. The psychologist explains that the problem is not finding comfort in an object from time to time, but constantly searching for that feeling of security through accumulation or purchasing. Instead, he invites us to develop other ways of soothing ourselves and to turn more toward our inner resources.<\/p>\n\n\n\n<p>I find this nuance to be extremely important.<\/p>\n\n\n\n<p>Like<strong> <a href=\"https:\/\/stezen.ca\/en\/une-journee-dans-la-vie-dune-organisatrice-professionnelle\/\" target=\"_blank\" rel=\"noreferrer noopener\">professional organizer<\/a><\/strong>, I often meet people who feel guilty because they are attached to their things. This interview is a reminder that this attachment is profoundly human. On the other hand, it also invites us to ask ourselves an essential question: do my things bring me comfort... or have they become my main way of managing my emotions?<\/p>\n\n\n\n<p>I believe this thought deserves taking the time to respond to, with kindness and without judgment.<\/p>\n\n\n\n<div style=\"height:50px\" aria-hidden=\"true\" class=\"wp-block-spacer\"><\/div>\n\n\n\n<div class=\"wp-block-media-text alignwide is-stacked-on-mobile is-image-fill\"><figure class=\"wp-block-media-text__media\" style=\"background-image:url(https:\/\/stezen.ca\/wp-content\/uploads\/2026\/08\/SteZen-Blogue-Lattachement-aux-objets-819x1024.jpeg);background-position:50% 50%\"><img decoding=\"async\" loading=\"lazy\" width=\"819\" height=\"1024\" src=\"https:\/\/stezen.ca\/wp-content\/uploads\/2026\/08\/SteZen-Blogue-Lattachement-aux-objets-819x1024.jpeg\" alt=\"Biblioth\u00e8que remplie d'objets anciens, dont une t\u00e9l\u00e9vision r\u00e9tro, une radio, des cassettes et des souvenirs, illustrant l'attachement aux objets et la valeur \u00e9motionnelle qu'ils peuvent repr\u00e9senter au fil du temps.\" class=\"wp-image-9765 size-full\" srcset=\"https:\/\/stezen.ca\/wp-content\/uploads\/2026\/08\/SteZen-Blogue-Lattachement-aux-objets-819x1024.jpeg 819w, https:\/\/stezen.ca\/wp-content\/uploads\/2026\/08\/SteZen-Blogue-Lattachement-aux-objets-240x300.jpeg 240w, https:\/\/stezen.ca\/wp-content\/uploads\/2026\/08\/SteZen-Blogue-Lattachement-aux-objets-768x960.jpeg 768w, https:\/\/stezen.ca\/wp-content\/uploads\/2026\/08\/SteZen-Blogue-Lattachement-aux-objets-10x12.jpeg 10w, https:\/\/stezen.ca\/wp-content\/uploads\/2026\/08\/SteZen-Blogue-Lattachement-aux-objets.jpeg 1080w\" sizes=\"(max-width: 819px) 100vw, 819px\" \/><\/figure><div class=\"wp-block-media-text__content\">\n<h2>Attachment to objects or hoarding: an essential nuance<\/h2>\n\n\n\n<p>I also really liked the way the speakers distinguish between attachment to objects and accumulation.<\/p>\n\n\n\n<p>These two realities are often confused.<\/p>\n\n\n\n<p>Being attached to certain objects is completely normal. We all are, to varying degrees.<\/p>\n\n\n\n<p>Around the 5th minute, the speakers discuss hoarding disorder and Diogenes syndrome. I found it important that they reminded us not to confuse these realities with simply being attached to a few objects we hold dear.<\/p>\n\n\n\n<p>Accumulation becomes different when it invades our space, affects our quality of life, or causes real distress.<\/p>\n\n\n\n<p>As a professional organizer, I meet people experiencing a wide variety of situations. Some simply want to make a little space in their home. Others live with a much larger accumulation, sometimes present for several years.<\/p>\n\n\n\n<p>In any case, my approach remains the same: understand before acting.<\/p>\n\n\n\n<p>If you feel that your accumulation is overwhelming you, isolating you, preventing you from using certain rooms in your house, or becoming a major source of anxiety, know that you do not have to go through this situation alone. Professional support can make a real difference, and in some cases, it can also be beneficial to be accompanied by a mental health professional. These approaches are complementary and allow you to move forward at your own pace, without judgment.<\/p>\n<\/div><\/div>\n\n\n\n<div style=\"height:50px\" aria-hidden=\"true\" class=\"wp-block-spacer\"><\/div>\n\n\n\n<h2>Some questions that can help us think<\/h2>\n\n\n\n<p>This interview didn't just help me better understand certain realities. It also made me want to reflect on our own relationship with objects.<\/p>\n\n\n\n<p>Around the 14th minute, the discussion also touches on our consumer society, fast fashion, and the ease with which we sometimes try to fulfill an emotional need by buying new items. I found this reflection particularly relevant today.<\/p>\n\n\n\n<p>If certain passages resonated with you, here are a few questions you might ask yourself:<\/p>\n\n\n\n<ul>\n<li>Am I keeping this object because it represents an important memory... or because I am afraid to let it go?<\/li>\n\n\n\n<li>Do my purchases stem from a real need, or are they sometimes an attempt to soothe an emotion?<\/li>\n\n\n\n<li>Do I feel temporary relief when I buy something?<\/li>\n\n\n\n<li>What other ways could I use to regain a sense of calm or safety?<\/li>\n\n\n\n<li>Do my objects occupy the space I want to give them in my home?<\/li>\n\n\n\n<li>Does my environment give me a sense of calm or, conversely, is it becoming a source of stress?<\/li>\n<\/ul>\n\n\n\n<p>There are no right or wrong answers.<\/p>\n\n\n\n<p>The goal is not to make you feel guilty, but to better understand our relationship with objects. Because when we understand what they represent and the role they play in our lives, it becomes much easier to make choices that reflect who we are.<\/p>\n\n\n\n<div style=\"height:50px\" aria-hidden=\"true\" class=\"wp-block-spacer\"><\/div>\n\n\n\n<h3>What I take away from this interview<\/h3>\n\n\n\n<p>It is normal to be attached to certain objects. They tell our story. They bear witness to the bonds we have forged and the moments that have shaped our lives.<\/p>\n\n\n\n<p>Decluttering is never about erasing all of that. Quite the contrary.<\/p>\n\n\n\n<p>He invites us to make room for what truly matters and to keep the objects that still hold real value for us today.<\/p>\n\n\n\n<p>Taking care of our interior doesn't just come down to what we choose to keep in our home, but also the resources we develop within ourselves.<\/p>\n\n\n\n<p>I find that to be a very beautiful way of seeing things... and a reflection that I wanted to share with you.<\/p>\n\n\n\n<p><\/p>","protected":false},"excerpt":{"rendered":"<p>Il y a quelques jours, j&rsquo;ai \u00e9cout\u00e9 une entrevue sur l&rsquo;attachement aux objets qui m&rsquo;a profond\u00e9ment fait r\u00e9fl\u00e9chir. Cette discussion r\u00e9unissait le psychologue clinicien Marc-Andr\u00e9 Dufour et la sociologue Val\u00e9rie Sacriste, auteure du livre Nos vies, nos objets. Pendant leur \u00e9change, je me suis surprise \u00e0 prendre des notes. Plus j&rsquo;\u00e9coutais leurs r\u00e9flexions, plus je [&hellip;]<\/p>","protected":false},"author":4,"featured_media":9764,"comment_status":"closed","ping_status":"closed","sticky":false,"template":"","format":"standard","meta":[],"categories":[372],"tags":[481,479,475,482,193,486,474,89,126,476,484,478,483,477,433,485],"_links":{"self":[{"href":"https:\/\/stezen.ca\/en\/wp-json\/wp\/v2\/posts\/9763"}],"collection":[{"href":"https:\/\/stezen.ca\/en\/wp-json\/wp\/v2\/posts"}],"about":[{"href":"https:\/\/stezen.ca\/en\/wp-json\/wp\/v2\/types\/post"}],"author":[{"embeddable":true,"href":"https:\/\/stezen.ca\/en\/wp-json\/wp\/v2\/users\/4"}],"replies":[{"embeddable":true,"href":"https:\/\/stezen.ca\/en\/wp-json\/wp\/v2\/comments?post=9763"}],"version-history":[{"count":4,"href":"https:\/\/stezen.ca\/en\/wp-json\/wp\/v2\/posts\/9763\/revisions"}],"predecessor-version":[{"id":9769,"href":"https:\/\/stezen.ca\/en\/wp-json\/wp\/v2\/posts\/9763\/revisions\/9769"}],"wp:featuredmedia":[{"embeddable":true,"href":"https:\/\/stezen.ca\/en\/wp-json\/wp\/v2\/media\/9764"}],"wp:attachment":[{"href":"https:\/\/stezen.ca\/en\/wp-json\/wp\/v2\/media?parent=9763"}],"wp:term":[{"taxonomy":"category","embeddable":true,"href":"https:\/\/stezen.ca\/en\/wp-json\/wp\/v2\/categories?post=9763"},{"taxonomy":"post_tag","embeddable":true,"href":"https:\/\/stezen.ca\/en\/wp-json\/wp\/v2\/tags?post=9763"}],"curies":[{"name":"wp","href":"https:\/\/api.w.org\/{rel}","templated":true}]}}